{"id":7236,"date":"2023-06-27T13:34:11","date_gmt":"2023-06-27T11:34:11","guid":{"rendered":"https:\/\/www.loffmusic.com\/quevedo-announces-the-last-four-dates-of-his-dqetour-in-spain\/"},"modified":"2023-08-03T11:50:54","modified_gmt":"2023-08-03T09:50:54","slug":"quevedo-announces-the-last-four-dates-of-his-dqetour-in-spain","status":"publish","type":"post","link":"https:\/\/www.loffmusic.com\/en\/quevedo-announces-the-last-four-dates-of-his-dqetour-in-spain\/","title":{"rendered":"Quevedo announces the last four dates of his #DQETOUR in Spain"},"content":{"rendered":"\n<p>The singer, rapper and composer from Madrid <strong>Quevedo<\/strong> confirms <strong>new dates<\/strong> of his particular <strong>#DQETOUR<\/strong> in our country. These four dates will be the last ones on the peninsula, in addition to those previously announced in <strong>Granada<\/strong>, <strong>Pamplona<\/strong>, <strong>Bilbao<\/strong>, <strong>Zaragoza<\/strong>, <strong>C\u00f3rdoba<\/strong>, <strong>C\u00e1ceres<\/strong> and <strong>A Coru\u00f1a<\/strong> in the coming months.<\/p>\n\n<p>Considered one of the musical artists of the moment, the young man residing in  <strong>Las Palmas de Gran Canaria<\/strong>  is presenting its debut LP  <span style=\"text-decoration: underline;\"><em><a href=\"https:\/\/open.spotify.com\/album\/156gxGFDxadwiIC3Bfwmj3?si=qYcy4jDZQ_aqMdlqeDoULw\" target=\"_blank\" rel=\"noreferrer noopener\"><strong>Where I Want To Be<\/strong><\/a><\/em><\/span>  (Taste The Floor Records, 2023), a full-length album consisting of sixteen songs released last January that has become one of the phenomena of the season.<\/p>\n\n<figure class=\"wp-block-embed aligncenter is-type-video is-provider-youtube wp-block-embed-youtube wp-embed-aspect-16-9 wp-has-aspect-ratio\"><div class=\"wp-block-embed__wrapper\">\n<iframe title=\"16. DONDE QUIERO ESTAR - Quevedo | DONDE QUIERO ESTAR\" width=\"800\" height=\"450\" src=\"https:\/\/www.youtube.com\/embed\/5SXrZh03-pI?feature=oembed\" frameborder=\"0\" allow=\"accelerometer; autoplay; clipboard-write; encrypted-media; gyroscope; picture-in-picture; web-share\" allowfullscreen><\/iframe>\n<\/div><\/figure>\n<p>After hanging the &#8220;<strong>sold out<\/strong>&#8221; in its  <em>show<\/em> at the  <strong>Gran Canaria Arena<\/strong> of  <strong>Las Palmas de Gran Canaria<\/strong> in March and to do the same with his appointment at the  <strong>WiZink Center<\/strong> in  <strong>Madrid<\/strong> and both in the  <strong>Sant Jordi Club<\/strong> de  <strong>Barcelona<\/strong> in May, the young man continues with his successful tour that has passed through <strong>Mallorca<\/strong> (Mallorca Live Festival), <strong>Barcelona<\/strong> (Share Festival), <strong>Torrelavega<\/strong> (Conciertos de Cantabria) and <strong>Guadalajara<\/strong> (Azuqueca V\u00edvela).<\/p>\n\n<p>The extensive tour will pass through  <strong>La Palma<\/strong> (Isla Bonita Love Festival),  <strong>Asturias<\/strong> (Boombastic Festival),  <strong>Torremolinos<\/strong> (Puro Latino),  <strong>Cullera<\/strong> (Zevra Festival),  <strong>Puerto de Santa Mar\u00eda<\/strong> (Puro Latino),  <strong>Roses<\/strong> (Mediterranean),  <strong>Burriana<\/strong> (Arenal Sound),  <strong>Madrid<\/strong> (Coca Cola Music Experience),  <strong>Mairena de Aljarafe<\/strong> (Cabaret Festival),  <strong>Linares<\/strong> (Fairgrounds),  <strong>Granada<\/strong> (Cortijo del Conde),  <strong>Pamplona<\/strong> (Navarra Arena),  <strong>Barakaldo<\/strong> (Bilbao Arena), <strong>Zaragoza<\/strong> (Espacio Zity), <strong>C\u00e1ceres<\/strong> (Extrem\u00fasika Festival), <strong>Pozoblanco<\/strong> (Recinto Ferial) and <strong>A Coru\u00f1a<\/strong> (Coliseum).<\/p>\n\n<p>The <strong>new concerts announced<\/strong> will take place in <strong>Valladolid<\/strong> (Feria de Valladolid) on <strong>22\/9<\/strong>, <strong>Oviedo<\/strong> (Carpa de la Er\u00eda) on <strong>23\/9<\/strong>, <strong>Murcia<\/strong> (La Fica) on <strong>29\/9<\/strong> and <strong>Vigo<\/strong> (IFEVI) on <strong>28\/10.<\/strong> Some dates have been sold out, but <strong>advance tickets<\/strong> for all concerts are on sale now at <span style=\"text-decoration: underline;\">\n  <a href=\"http:\/\/www.quevedoyouknow.com\" target=\"_blank\" rel=\"noreferrer noopener\">\n    <strong>www.quevedoyouknow.com<\/strong>\n  <\/a>\n<\/span>.<\/p>\n\n<figure class=\"wp-block-image aligncenter size-full\"><img fetchpriority=\"high\" decoding=\"async\" width=\"583\" height=\"1024\" src=\"https:\/\/www.loffmusic.comwp-content\/uploads\/2023\/06\/quevedocartel2023-.jpg\" alt=\"\" class=\"wp-image-6469\" srcset=\"https:\/\/www.loffmusic.com\/wp-content\/uploads\/2023\/06\/quevedocartel2023-.jpg 583w, https:\/\/www.loffmusic.com\/wp-content\/uploads\/2023\/06\/quevedocartel2023--171x300.jpg 171w\" sizes=\"(max-width: 583px) 100vw, 583px\" \/><\/figure>","protected":false},"excerpt":{"rendered":"<p>The singer, rapper and composer from Madrid Quevedo confirms new dates of his particular #DQETOUR in our country. These four dates will be the last ones on the peninsula, in addition to those previously announced in Granada, Pamplona, Bilbao, Zaragoza, C\u00f3rdoba, C\u00e1ceres and A Coru\u00f1a in the coming months. Considered one of the musical artists [&hellip;]<\/p>\n","protected":false},"author":1,"featured_media":6473,"comment_status":"open","ping_status":"open","sticky":false,"template":"","format":"standard","meta":{"footnotes":""},"categories":[224],"tags":[1580,248,285,1582,1581,381],"class_list":["post-7236","post","type-post","status-publish","format-standard","has-post-thumbnail","hentry","category-news","tag-dqetour-en","tag-news","tag-quevedo-en","tag-taste-the-floor-en","tag-taste-the-floor-records-en","tag-urban-en-2"],"yoast_head":"<!-- This site is optimized with the Yoast SEO plugin v27.5 - https:\/\/yoast.com\/product\/yoast-seo-wordpress\/ -->\n<title>Quevedo announces the last four dates of his #DQETOUR in Spain - LoffMusic<\/title>\n<meta name=\"robots\" content=\"index, follow, max-snippet:-1, max-image-preview:large, max-video-preview:-1\" \/>\n<link rel=\"canonical\" href=\"https:\/\/www.loffmusic.com\/quevedo-anuncia-las-cuatro-ultimas-fechas-de-su-dqetour-por-espana\/\" \/>\n<meta property=\"og:locale\" content=\"en_US\" \/>\n<meta property=\"og:type\" content=\"article\" \/>\n<meta property=\"og:title\" content=\"Quevedo announces the last four dates of his #DQETOUR in Spain - LoffMusic\" \/>\n<meta property=\"og:description\" content=\"The singer, rapper and composer from Madrid Quevedo confirms new dates of his particular #DQETOUR in our country. These four dates will be the last ones on the peninsula, in addition to those previously announced in Granada, Pamplona, Bilbao, Zaragoza, C\u00f3rdoba, C\u00e1ceres and A Coru\u00f1a in the coming months. Considered one of the musical artists [&hellip;]\" \/>\n<meta property=\"og:url\" content=\"https:\/\/www.loffmusic.com\/quevedo-anuncia-las-cuatro-ultimas-fechas-de-su-dqetour-por-espana\/\" \/>\n<meta property=\"og:site_name\" content=\"LoffMusic\" \/>\n<meta property=\"article:published_time\" content=\"2023-06-27T11:34:11+00:00\" \/>\n<meta property=\"article:modified_time\" content=\"2023-08-03T09:50:54+00:00\" \/>\n<meta property=\"og:image\" content=\"https:\/\/www.loffmusic.com\/wp-content\/uploads\/2023\/06\/quevedo27062023-.jpg\" \/>\n\t<meta property=\"og:image:width\" content=\"1024\" \/>\n\t<meta property=\"og:image:height\" content=\"536\" \/>\n\t<meta property=\"og:image:type\" content=\"image\/jpeg\" \/>\n<meta name=\"author\" content=\"By LoffMusic\" \/>\n<meta name=\"twitter:card\" content=\"summary_large_image\" \/>\n<meta name=\"twitter:label1\" content=\"Written by\" \/>\n\t<meta name=\"twitter:data1\" content=\"By LoffMusic\" \/>\n\t<meta name=\"twitter:label2\" content=\"Est. reading time\" \/>\n\t<meta name=\"twitter:data2\" content=\"2 minutes\" \/>\n<script type=\"application\/ld+json\" class=\"yoast-schema-graph\">{\"@context\":\"https:\\\/\\\/schema.org\",\"@graph\":[{\"@type\":\"Article\",\"@id\":\"https:\\\/\\\/www.loffmusic.com\\\/quevedo-anuncia-las-cuatro-ultimas-fechas-de-su-dqetour-por-espana\\\/#article\",\"isPartOf\":{\"@id\":\"https:\\\/\\\/www.loffmusic.com\\\/quevedo-anuncia-las-cuatro-ultimas-fechas-de-su-dqetour-por-espana\\\/\"},\"author\":{\"name\":\"By LoffMusic\",\"@id\":\"https:\\\/\\\/www.loffmusic.com\\\/#\\\/schema\\\/person\\\/5e8ed27ac1103d47fda2bb783c04a78f\"},\"headline\":\"Quevedo announces the last four dates of his #DQETOUR in Spain\",\"datePublished\":\"2023-06-27T11:34:11+00:00\",\"dateModified\":\"2023-08-03T09:50:54+00:00\",\"mainEntityOfPage\":{\"@id\":\"https:\\\/\\\/www.loffmusic.com\\\/quevedo-anuncia-las-cuatro-ultimas-fechas-de-su-dqetour-por-espana\\\/\"},\"wordCount\":314,\"commentCount\":0,\"publisher\":{\"@id\":\"https:\\\/\\\/www.loffmusic.com\\\/#organization\"},\"image\":{\"@id\":\"https:\\\/\\\/www.loffmusic.com\\\/quevedo-anuncia-las-cuatro-ultimas-fechas-de-su-dqetour-por-espana\\\/#primaryimage\"},\"thumbnailUrl\":\"https:\\\/\\\/www.loffmusic.com\\\/wp-content\\\/uploads\\\/2023\\\/06\\\/quevedo27062023-.jpg\",\"keywords\":[\"#DQETOUR\",\"news\",\"Quevedo\",\"Taste The Floor\",\"Taste The Floor Records\",\"urban\"],\"articleSection\":[\"News\"],\"inLanguage\":\"en-US\",\"potentialAction\":[{\"@type\":\"CommentAction\",\"name\":\"Comment\",\"target\":[\"https:\\\/\\\/www.loffmusic.com\\\/quevedo-anuncia-las-cuatro-ultimas-fechas-de-su-dqetour-por-espana\\\/#respond\"]}]},{\"@type\":\"WebPage\",\"@id\":\"https:\\\/\\\/www.loffmusic.com\\\/quevedo-anuncia-las-cuatro-ultimas-fechas-de-su-dqetour-por-espana\\\/\",\"url\":\"https:\\\/\\\/www.loffmusic.com\\\/quevedo-anuncia-las-cuatro-ultimas-fechas-de-su-dqetour-por-espana\\\/\",\"name\":\"Quevedo announces the last four dates of his #DQETOUR in Spain - LoffMusic\",\"isPartOf\":{\"@id\":\"https:\\\/\\\/www.loffmusic.com\\\/#website\"},\"primaryImageOfPage\":{\"@id\":\"https:\\\/\\\/www.loffmusic.com\\\/quevedo-anuncia-las-cuatro-ultimas-fechas-de-su-dqetour-por-espana\\\/#primaryimage\"},\"image\":{\"@id\":\"https:\\\/\\\/www.loffmusic.com\\\/quevedo-anuncia-las-cuatro-ultimas-fechas-de-su-dqetour-por-espana\\\/#primaryimage\"},\"thumbnailUrl\":\"https:\\\/\\\/www.loffmusic.com\\\/wp-content\\\/uploads\\\/2023\\\/06\\\/quevedo27062023-.jpg\",\"datePublished\":\"2023-06-27T11:34:11+00:00\",\"dateModified\":\"2023-08-03T09:50:54+00:00\",\"breadcrumb\":{\"@id\":\"https:\\\/\\\/www.loffmusic.com\\\/quevedo-anuncia-las-cuatro-ultimas-fechas-de-su-dqetour-por-espana\\\/#breadcrumb\"},\"inLanguage\":\"en-US\",\"potentialAction\":[{\"@type\":\"ReadAction\",\"target\":[\"https:\\\/\\\/www.loffmusic.com\\\/quevedo-anuncia-las-cuatro-ultimas-fechas-de-su-dqetour-por-espana\\\/\"]}]},{\"@type\":\"ImageObject\",\"inLanguage\":\"en-US\",\"@id\":\"https:\\\/\\\/www.loffmusic.com\\\/quevedo-anuncia-las-cuatro-ultimas-fechas-de-su-dqetour-por-espana\\\/#primaryimage\",\"url\":\"https:\\\/\\\/www.loffmusic.com\\\/wp-content\\\/uploads\\\/2023\\\/06\\\/quevedo27062023-.jpg\",\"contentUrl\":\"https:\\\/\\\/www.loffmusic.com\\\/wp-content\\\/uploads\\\/2023\\\/06\\\/quevedo27062023-.jpg\",\"width\":1024,\"height\":536},{\"@type\":\"BreadcrumbList\",\"@id\":\"https:\\\/\\\/www.loffmusic.com\\\/quevedo-anuncia-las-cuatro-ultimas-fechas-de-su-dqetour-por-espana\\\/#breadcrumb\",\"itemListElement\":[{\"@type\":\"ListItem\",\"position\":1,\"name\":\"Portada\",\"item\":\"https:\\\/\\\/www.loffmusic.com\\\/en\\\/home-2\\\/\"},{\"@type\":\"ListItem\",\"position\":2,\"name\":\"Quevedo announces the last four dates of his #DQETOUR in Spain\"}]},{\"@type\":\"WebSite\",\"@id\":\"https:\\\/\\\/www.loffmusic.com\\\/#website\",\"url\":\"https:\\\/\\\/www.loffmusic.com\\\/\",\"name\":\"LoffMusic\",\"description\":\"Tu agenda de conciertos y festivales donde podr\u00e1s encontrar todos los eventos filtrando por artista, ciudad o evento\",\"publisher\":{\"@id\":\"https:\\\/\\\/www.loffmusic.com\\\/#organization\"},\"potentialAction\":[{\"@type\":\"SearchAction\",\"target\":{\"@type\":\"EntryPoint\",\"urlTemplate\":\"https:\\\/\\\/www.loffmusic.com\\\/?s={search_term_string}\"},\"query-input\":{\"@type\":\"PropertyValueSpecification\",\"valueRequired\":true,\"valueName\":\"search_term_string\"}}],\"inLanguage\":\"en-US\"},{\"@type\":\"Organization\",\"@id\":\"https:\\\/\\\/www.loffmusic.com\\\/#organization\",\"name\":\"LoffMusic\",\"url\":\"https:\\\/\\\/www.loffmusic.com\\\/\",\"logo\":{\"@type\":\"ImageObject\",\"inLanguage\":\"en-US\",\"@id\":\"https:\\\/\\\/www.loffmusic.com\\\/#\\\/schema\\\/logo\\\/image\\\/\",\"url\":\"https:\\\/\\\/www.loffmusic.com\\\/wp-content\\\/uploads\\\/2022\\\/12\\\/cropped-Mesa-de-trabajo-1-copia.png\",\"contentUrl\":\"https:\\\/\\\/www.loffmusic.com\\\/wp-content\\\/uploads\\\/2022\\\/12\\\/cropped-Mesa-de-trabajo-1-copia.png\",\"width\":700,\"height\":200,\"caption\":\"LoffMusic\"},\"image\":{\"@id\":\"https:\\\/\\\/www.loffmusic.com\\\/#\\\/schema\\\/logo\\\/image\\\/\"}},{\"@type\":\"Person\",\"@id\":\"https:\\\/\\\/www.loffmusic.com\\\/#\\\/schema\\\/person\\\/5e8ed27ac1103d47fda2bb783c04a78f\",\"name\":\"By LoffMusic\",\"sameAs\":[\"https:\\\/\\\/www.loffmusic.com\"]}]}<\/script>\n<!-- \/ Yoast SEO plugin. -->","yoast_head_json":{"title":"Quevedo announces the last four dates of his #DQETOUR in Spain - LoffMusic","robots":{"index":"index","follow":"follow","max-snippet":"max-snippet:-1","max-image-preview":"max-image-preview:large","max-video-preview":"max-video-preview:-1"},"canonical":"https:\/\/www.loffmusic.com\/quevedo-anuncia-las-cuatro-ultimas-fechas-de-su-dqetour-por-espana\/","og_locale":"en_US","og_type":"article","og_title":"Quevedo announces the last four dates of his #DQETOUR in Spain - LoffMusic","og_description":"The singer, rapper and composer from Madrid Quevedo confirms new dates of his particular #DQETOUR in our country. These four dates will be the last ones on the peninsula, in addition to those previously announced in Granada, Pamplona, Bilbao, Zaragoza, C\u00f3rdoba, C\u00e1ceres and A Coru\u00f1a in the coming months. Considered one of the musical artists [&hellip;]","og_url":"https:\/\/www.loffmusic.com\/quevedo-anuncia-las-cuatro-ultimas-fechas-de-su-dqetour-por-espana\/","og_site_name":"LoffMusic","article_published_time":"2023-06-27T11:34:11+00:00","article_modified_time":"2023-08-03T09:50:54+00:00","og_image":[{"width":1024,"height":536,"url":"https:\/\/www.loffmusic.com\/wp-content\/uploads\/2023\/06\/quevedo27062023-.jpg","type":"image\/jpeg"}],"author":"By LoffMusic","twitter_card":"summary_large_image","twitter_misc":{"Written by":"By LoffMusic","Est. reading time":"2 minutes"},"schema":{"@context":"https:\/\/schema.org","@graph":[{"@type":"Article","@id":"https:\/\/www.loffmusic.com\/quevedo-anuncia-las-cuatro-ultimas-fechas-de-su-dqetour-por-espana\/#article","isPartOf":{"@id":"https:\/\/www.loffmusic.com\/quevedo-anuncia-las-cuatro-ultimas-fechas-de-su-dqetour-por-espana\/"},"author":{"name":"By LoffMusic","@id":"https:\/\/www.loffmusic.com\/#\/schema\/person\/5e8ed27ac1103d47fda2bb783c04a78f"},"headline":"Quevedo announces the last four dates of his #DQETOUR in Spain","datePublished":"2023-06-27T11:34:11+00:00","dateModified":"2023-08-03T09:50:54+00:00","mainEntityOfPage":{"@id":"https:\/\/www.loffmusic.com\/quevedo-anuncia-las-cuatro-ultimas-fechas-de-su-dqetour-por-espana\/"},"wordCount":314,"commentCount":0,"publisher":{"@id":"https:\/\/www.loffmusic.com\/#organization"},"image":{"@id":"https:\/\/www.loffmusic.com\/quevedo-anuncia-las-cuatro-ultimas-fechas-de-su-dqetour-por-espana\/#primaryimage"},"thumbnailUrl":"https:\/\/www.loffmusic.com\/wp-content\/uploads\/2023\/06\/quevedo27062023-.jpg","keywords":["#DQETOUR","news","Quevedo","Taste The Floor","Taste The Floor Records","urban"],"articleSection":["News"],"inLanguage":"en-US","potentialAction":[{"@type":"CommentAction","name":"Comment","target":["https:\/\/www.loffmusic.com\/quevedo-anuncia-las-cuatro-ultimas-fechas-de-su-dqetour-por-espana\/#respond"]}]},{"@type":"WebPage","@id":"https:\/\/www.loffmusic.com\/quevedo-anuncia-las-cuatro-ultimas-fechas-de-su-dqetour-por-espana\/","url":"https:\/\/www.loffmusic.com\/quevedo-anuncia-las-cuatro-ultimas-fechas-de-su-dqetour-por-espana\/","name":"Quevedo announces the last four dates of his #DQETOUR in Spain - LoffMusic","isPartOf":{"@id":"https:\/\/www.loffmusic.com\/#website"},"primaryImageOfPage":{"@id":"https:\/\/www.loffmusic.com\/quevedo-anuncia-las-cuatro-ultimas-fechas-de-su-dqetour-por-espana\/#primaryimage"},"image":{"@id":"https:\/\/www.loffmusic.com\/quevedo-anuncia-las-cuatro-ultimas-fechas-de-su-dqetour-por-espana\/#primaryimage"},"thumbnailUrl":"https:\/\/www.loffmusic.com\/wp-content\/uploads\/2023\/06\/quevedo27062023-.jpg","datePublished":"2023-06-27T11:34:11+00:00","dateModified":"2023-08-03T09:50:54+00:00","breadcrumb":{"@id":"https:\/\/www.loffmusic.com\/quevedo-anuncia-las-cuatro-ultimas-fechas-de-su-dqetour-por-espana\/#breadcrumb"},"inLanguage":"en-US","potentialAction":[{"@type":"ReadAction","target":["https:\/\/www.loffmusic.com\/quevedo-anuncia-las-cuatro-ultimas-fechas-de-su-dqetour-por-espana\/"]}]},{"@type":"ImageObject","inLanguage":"en-US","@id":"https:\/\/www.loffmusic.com\/quevedo-anuncia-las-cuatro-ultimas-fechas-de-su-dqetour-por-espana\/#primaryimage","url":"https:\/\/www.loffmusic.com\/wp-content\/uploads\/2023\/06\/quevedo27062023-.jpg","contentUrl":"https:\/\/www.loffmusic.com\/wp-content\/uploads\/2023\/06\/quevedo27062023-.jpg","width":1024,"height":536},{"@type":"BreadcrumbList","@id":"https:\/\/www.loffmusic.com\/quevedo-anuncia-las-cuatro-ultimas-fechas-de-su-dqetour-por-espana\/#breadcrumb","itemListElement":[{"@type":"ListItem","position":1,"name":"Portada","item":"https:\/\/www.loffmusic.com\/en\/home-2\/"},{"@type":"ListItem","position":2,"name":"Quevedo announces the last four dates of his #DQETOUR in Spain"}]},{"@type":"WebSite","@id":"https:\/\/www.loffmusic.com\/#website","url":"https:\/\/www.loffmusic.com\/","name":"LoffMusic","description":"Tu agenda de conciertos y festivales donde podr\u00e1s encontrar todos los eventos filtrando por artista, ciudad o evento","publisher":{"@id":"https:\/\/www.loffmusic.com\/#organization"},"potentialAction":[{"@type":"SearchAction","target":{"@type":"EntryPoint","urlTemplate":"https:\/\/www.loffmusic.com\/?s={search_term_string}"},"query-input":{"@type":"PropertyValueSpecification","valueRequired":true,"valueName":"search_term_string"}}],"inLanguage":"en-US"},{"@type":"Organization","@id":"https:\/\/www.loffmusic.com\/#organization","name":"LoffMusic","url":"https:\/\/www.loffmusic.com\/","logo":{"@type":"ImageObject","inLanguage":"en-US","@id":"https:\/\/www.loffmusic.com\/#\/schema\/logo\/image\/","url":"https:\/\/www.loffmusic.com\/wp-content\/uploads\/2022\/12\/cropped-Mesa-de-trabajo-1-copia.png","contentUrl":"https:\/\/www.loffmusic.com\/wp-content\/uploads\/2022\/12\/cropped-Mesa-de-trabajo-1-copia.png","width":700,"height":200,"caption":"LoffMusic"},"image":{"@id":"https:\/\/www.loffmusic.com\/#\/schema\/logo\/image\/"}},{"@type":"Person","@id":"https:\/\/www.loffmusic.com\/#\/schema\/person\/5e8ed27ac1103d47fda2bb783c04a78f","name":"By LoffMusic","sameAs":["https:\/\/www.loffmusic.com"]}]}},"_links":{"self":[{"href":"https:\/\/www.loffmusic.com\/en\/wp-json\/wp\/v2\/posts\/7236","targetHints":{"allow":["GET"]}}],"collection":[{"href":"https:\/\/www.loffmusic.com\/en\/wp-json\/wp\/v2\/posts"}],"about":[{"href":"https:\/\/www.loffmusic.com\/en\/wp-json\/wp\/v2\/types\/post"}],"author":[{"embeddable":true,"href":"https:\/\/www.loffmusic.com\/en\/wp-json\/wp\/v2\/users\/1"}],"replies":[{"embeddable":true,"href":"https:\/\/www.loffmusic.com\/en\/wp-json\/wp\/v2\/comments?post=7236"}],"version-history":[{"count":0,"href":"https:\/\/www.loffmusic.com\/en\/wp-json\/wp\/v2\/posts\/7236\/revisions"}],"wp:featuredmedia":[{"embeddable":true,"href":"https:\/\/www.loffmusic.com\/en\/wp-json\/wp\/v2\/media\/6473"}],"wp:attachment":[{"href":"https:\/\/www.loffmusic.com\/en\/wp-json\/wp\/v2\/media?parent=7236"}],"wp:term":[{"taxonomy":"category","embeddable":true,"href":"https:\/\/www.loffmusic.com\/en\/wp-json\/wp\/v2\/categories?post=7236"},{"taxonomy":"post_tag","embeddable":true,"href":"https:\/\/www.loffmusic.com\/en\/wp-json\/wp\/v2\/tags?post=7236"}],"curies":[{"name":"wp","href":"https:\/\/api.w.org\/{rel}","templated":true}]}}