{"id":2960,"date":"2023-01-17T18:10:44","date_gmt":"2023-01-17T17:10:44","guid":{"rendered":"https:\/\/www.loffmusic.comtini-announces-the-dates-of-her-new-tour-in-our-country\/"},"modified":"2023-03-17T05:29:28","modified_gmt":"2023-03-17T04:29:28","slug":"tini-announces-the-dates-of-her-new-tour-in-our-country","status":"publish","type":"post","link":"https:\/\/www.loffmusic.com\/en\/tini-announces-the-dates-of-her-new-tour-in-our-country\/","title":{"rendered":"Tini announces the dates of her new tour in our country"},"content":{"rendered":"\n<p>Argentine superstar <strong>Tini<\/strong> will return to Spain this year with an extensive nine-concert tour that will include stops in A Coru\u00f1a, Barcelona, C\u00f3rdoba, C\u00e1diz, Fuengirola, Valencia, Gran Canaria, Murcia and Roquetas de Mar. He will do it with a powerful show with which he has just toured Argentina with a successful tour where he has achieved resounding sold outs. With the same show he will tour the world performing his new hits and greatest hits.<\/p>\n\n<p>With three albums released to date and the imminent release of her long-awaited fourth LP, artist Martina Stoessel is, without a doubt, a worldwide idol. It has more than 38 million followers on its social networks and is a reference for young audiences on a global scale. His overwhelming career is full of hits, such as his recent track &#8216;Mu\u00f1ecas&#8217; with La Joaqui and Steve Aoki, which has accumulated more than 4 million plays on YouTube.<\/p>\n\n<p>Another of his hits, the collaboration with Tiago PZK on the single &#8216;El \u00daltimo Beso&#8217;, is a worldwide success with 60 million plays on platforms. His concert last May at the Palermo Hippodrome was broadcast live on Disney+ and Star+, being the first concert broadcast simultaneously in Latin America, Spain and the United States.<\/p>\n\n<p>Tickets are on sale at <span style=\"text-decoration: underline;\">\n  <a href=\"http:\/\/www.ticketmaster.es\" target=\"_blank\" rel=\"noreferrer noopener\">www.ticketmaster.es<\/a>\n<\/span> y <a href=\"http:\/\/www.bitickets.com\" target=\"_blank\" rel=\"noreferrer noopener\">\n  <span style=\"text-decoration: underline;\">www.bitickets.com<\/span>\n<\/a>.<\/p>\n\n<figure class=\"wp-block-embed is-type-rich is-provider-gestor-del-servicio wp-block-embed-gestor-del-servicio wp-embed-aspect-16-9 wp-has-aspect-ratio\"><div class=\"wp-block-embed__wrapper\">\n<iframe title=\"TINI, La Joaqui, Steve Aoki - Mu\u00f1ecas (Official Video)\" width=\"800\" height=\"450\" src=\"https:\/\/www.youtube.com\/embed\/vuTPXmFXrak?feature=oembed\" frameborder=\"0\" allow=\"accelerometer; autoplay; clipboard-write; encrypted-media; gyroscope; picture-in-picture; web-share\" allowfullscreen><\/iframe>\n<\/div><\/figure>\n","protected":false},"excerpt":{"rendered":"<p>Argentine superstar Tini will return to Spain this year with an extensive nine-concert tour that will include stops in A Coru\u00f1a, Barcelona, C\u00f3rdoba, C\u00e1diz, Fuengirola, Valencia, Gran Canaria, Murcia and Roquetas de Mar. He will do it with a powerful show with which he has just toured Argentina with a successful tour where he has [&hellip;]<\/p>\n","protected":false},"author":1,"featured_media":2819,"comment_status":"open","ping_status":"open","sticky":false,"template":"","format":"standard","meta":{"footnotes":""},"categories":[225],"tags":[],"class_list":["post-2960","post","type-post","status-publish","format-standard","has-post-thumbnail","hentry","category-recommended"],"yoast_head":"<!-- This site is optimized with the Yoast SEO plugin v27.4 - https:\/\/yoast.com\/product\/yoast-seo-wordpress\/ -->\n<title>Tini announces the dates of her new tour in our country - LoffMusic<\/title>\n<meta name=\"robots\" content=\"index, follow, max-snippet:-1, max-image-preview:large, max-video-preview:-1\" \/>\n<link rel=\"canonical\" href=\"https:\/\/www.loffmusic.com\/tini-anuncia-las-fechas-de-su-nueva-gira-por-nuestro-pais\/\" \/>\n<meta property=\"og:locale\" content=\"en_US\" \/>\n<meta property=\"og:type\" content=\"article\" \/>\n<meta property=\"og:title\" content=\"Tini announces the dates of her new tour in our country - LoffMusic\" \/>\n<meta property=\"og:description\" content=\"Argentine superstar Tini will return to Spain this year with an extensive nine-concert tour that will include stops in A Coru\u00f1a, Barcelona, C\u00f3rdoba, C\u00e1diz, Fuengirola, Valencia, Gran Canaria, Murcia and Roquetas de Mar. He will do it with a powerful show with which he has just toured Argentina with a successful tour where he has [&hellip;]\" \/>\n<meta property=\"og:url\" content=\"https:\/\/www.loffmusic.com\/tini-anuncia-las-fechas-de-su-nueva-gira-por-nuestro-pais\/\" \/>\n<meta property=\"og:site_name\" content=\"LoffMusic\" \/>\n<meta property=\"article:published_time\" content=\"2023-01-17T17:10:44+00:00\" \/>\n<meta property=\"article:modified_time\" content=\"2023-03-17T04:29:28+00:00\" \/>\n<meta property=\"og:image\" content=\"https:\/\/www.loffmusic.com\/wp-content\/uploads\/2023\/01\/tini_cartel_2023.jpg\" \/>\n\t<meta property=\"og:image:width\" content=\"1200\" \/>\n\t<meta property=\"og:image:height\" content=\"1625\" \/>\n\t<meta property=\"og:image:type\" content=\"image\/jpeg\" \/>\n<meta name=\"author\" content=\"By LoffMusic\" \/>\n<meta name=\"twitter:card\" content=\"summary_large_image\" \/>\n<meta name=\"twitter:label1\" content=\"Written by\" \/>\n\t<meta name=\"twitter:data1\" content=\"By LoffMusic\" \/>\n\t<meta name=\"twitter:label2\" content=\"Est. reading time\" \/>\n\t<meta name=\"twitter:data2\" content=\"1 minute\" \/>\n<script type=\"application\/ld+json\" class=\"yoast-schema-graph\">{\"@context\":\"https:\\\/\\\/schema.org\",\"@graph\":[{\"@type\":\"Article\",\"@id\":\"https:\\\/\\\/www.loffmusic.com\\\/tini-anuncia-las-fechas-de-su-nueva-gira-por-nuestro-pais\\\/#article\",\"isPartOf\":{\"@id\":\"https:\\\/\\\/www.loffmusic.com\\\/tini-anuncia-las-fechas-de-su-nueva-gira-por-nuestro-pais\\\/\"},\"author\":{\"name\":\"By LoffMusic\",\"@id\":\"https:\\\/\\\/www.loffmusic.com\\\/#\\\/schema\\\/person\\\/5e8ed27ac1103d47fda2bb783c04a78f\"},\"headline\":\"Tini announces the dates of her new tour in our country\",\"datePublished\":\"2023-01-17T17:10:44+00:00\",\"dateModified\":\"2023-03-17T04:29:28+00:00\",\"mainEntityOfPage\":{\"@id\":\"https:\\\/\\\/www.loffmusic.com\\\/tini-anuncia-las-fechas-de-su-nueva-gira-por-nuestro-pais\\\/\"},\"wordCount\":235,\"commentCount\":0,\"publisher\":{\"@id\":\"https:\\\/\\\/www.loffmusic.com\\\/#organization\"},\"image\":{\"@id\":\"https:\\\/\\\/www.loffmusic.com\\\/tini-anuncia-las-fechas-de-su-nueva-gira-por-nuestro-pais\\\/#primaryimage\"},\"thumbnailUrl\":\"https:\\\/\\\/www.loffmusic.com\\\/wp-content\\\/uploads\\\/2023\\\/01\\\/tini_cartel_2023.jpg\",\"articleSection\":[\"Recommended\"],\"inLanguage\":\"en-US\",\"potentialAction\":[{\"@type\":\"CommentAction\",\"name\":\"Comment\",\"target\":[\"https:\\\/\\\/www.loffmusic.com\\\/tini-anuncia-las-fechas-de-su-nueva-gira-por-nuestro-pais\\\/#respond\"]}]},{\"@type\":\"WebPage\",\"@id\":\"https:\\\/\\\/www.loffmusic.com\\\/tini-anuncia-las-fechas-de-su-nueva-gira-por-nuestro-pais\\\/\",\"url\":\"https:\\\/\\\/www.loffmusic.com\\\/tini-anuncia-las-fechas-de-su-nueva-gira-por-nuestro-pais\\\/\",\"name\":\"Tini announces the dates of her new tour in our country - LoffMusic\",\"isPartOf\":{\"@id\":\"https:\\\/\\\/www.loffmusic.com\\\/#website\"},\"primaryImageOfPage\":{\"@id\":\"https:\\\/\\\/www.loffmusic.com\\\/tini-anuncia-las-fechas-de-su-nueva-gira-por-nuestro-pais\\\/#primaryimage\"},\"image\":{\"@id\":\"https:\\\/\\\/www.loffmusic.com\\\/tini-anuncia-las-fechas-de-su-nueva-gira-por-nuestro-pais\\\/#primaryimage\"},\"thumbnailUrl\":\"https:\\\/\\\/www.loffmusic.com\\\/wp-content\\\/uploads\\\/2023\\\/01\\\/tini_cartel_2023.jpg\",\"datePublished\":\"2023-01-17T17:10:44+00:00\",\"dateModified\":\"2023-03-17T04:29:28+00:00\",\"breadcrumb\":{\"@id\":\"https:\\\/\\\/www.loffmusic.com\\\/tini-anuncia-las-fechas-de-su-nueva-gira-por-nuestro-pais\\\/#breadcrumb\"},\"inLanguage\":\"en-US\",\"potentialAction\":[{\"@type\":\"ReadAction\",\"target\":[\"https:\\\/\\\/www.loffmusic.com\\\/tini-anuncia-las-fechas-de-su-nueva-gira-por-nuestro-pais\\\/\"]}]},{\"@type\":\"ImageObject\",\"inLanguage\":\"en-US\",\"@id\":\"https:\\\/\\\/www.loffmusic.com\\\/tini-anuncia-las-fechas-de-su-nueva-gira-por-nuestro-pais\\\/#primaryimage\",\"url\":\"https:\\\/\\\/www.loffmusic.com\\\/wp-content\\\/uploads\\\/2023\\\/01\\\/tini_cartel_2023.jpg\",\"contentUrl\":\"https:\\\/\\\/www.loffmusic.com\\\/wp-content\\\/uploads\\\/2023\\\/01\\\/tini_cartel_2023.jpg\",\"width\":1200,\"height\":1625},{\"@type\":\"BreadcrumbList\",\"@id\":\"https:\\\/\\\/www.loffmusic.com\\\/tini-anuncia-las-fechas-de-su-nueva-gira-por-nuestro-pais\\\/#breadcrumb\",\"itemListElement\":[{\"@type\":\"ListItem\",\"position\":1,\"name\":\"Portada\",\"item\":\"https:\\\/\\\/www.loffmusic.com\\\/en\\\/home-2\\\/\"},{\"@type\":\"ListItem\",\"position\":2,\"name\":\"Tini announces the dates of her new tour in our country\"}]},{\"@type\":\"WebSite\",\"@id\":\"https:\\\/\\\/www.loffmusic.com\\\/#website\",\"url\":\"https:\\\/\\\/www.loffmusic.com\\\/\",\"name\":\"LoffMusic\",\"description\":\"Tu agenda de conciertos y festivales donde podr\u00e1s encontrar todos los eventos filtrando por artista, ciudad o evento\",\"publisher\":{\"@id\":\"https:\\\/\\\/www.loffmusic.com\\\/#organization\"},\"potentialAction\":[{\"@type\":\"SearchAction\",\"target\":{\"@type\":\"EntryPoint\",\"urlTemplate\":\"https:\\\/\\\/www.loffmusic.com\\\/?s={search_term_string}\"},\"query-input\":{\"@type\":\"PropertyValueSpecification\",\"valueRequired\":true,\"valueName\":\"search_term_string\"}}],\"inLanguage\":\"en-US\"},{\"@type\":\"Organization\",\"@id\":\"https:\\\/\\\/www.loffmusic.com\\\/#organization\",\"name\":\"LoffMusic\",\"url\":\"https:\\\/\\\/www.loffmusic.com\\\/\",\"logo\":{\"@type\":\"ImageObject\",\"inLanguage\":\"en-US\",\"@id\":\"https:\\\/\\\/www.loffmusic.com\\\/#\\\/schema\\\/logo\\\/image\\\/\",\"url\":\"https:\\\/\\\/www.loffmusic.com\\\/wp-content\\\/uploads\\\/2022\\\/12\\\/cropped-Mesa-de-trabajo-1-copia.png\",\"contentUrl\":\"https:\\\/\\\/www.loffmusic.com\\\/wp-content\\\/uploads\\\/2022\\\/12\\\/cropped-Mesa-de-trabajo-1-copia.png\",\"width\":700,\"height\":200,\"caption\":\"LoffMusic\"},\"image\":{\"@id\":\"https:\\\/\\\/www.loffmusic.com\\\/#\\\/schema\\\/logo\\\/image\\\/\"}},{\"@type\":\"Person\",\"@id\":\"https:\\\/\\\/www.loffmusic.com\\\/#\\\/schema\\\/person\\\/5e8ed27ac1103d47fda2bb783c04a78f\",\"name\":\"By LoffMusic\",\"sameAs\":[\"https:\\\/\\\/www.loffmusic.com\"]}]}<\/script>\n<!-- \/ Yoast SEO plugin. -->","yoast_head_json":{"title":"Tini announces the dates of her new tour in our country - LoffMusic","robots":{"index":"index","follow":"follow","max-snippet":"max-snippet:-1","max-image-preview":"max-image-preview:large","max-video-preview":"max-video-preview:-1"},"canonical":"https:\/\/www.loffmusic.com\/tini-anuncia-las-fechas-de-su-nueva-gira-por-nuestro-pais\/","og_locale":"en_US","og_type":"article","og_title":"Tini announces the dates of her new tour in our country - LoffMusic","og_description":"Argentine superstar Tini will return to Spain this year with an extensive nine-concert tour that will include stops in A Coru\u00f1a, Barcelona, C\u00f3rdoba, C\u00e1diz, Fuengirola, Valencia, Gran Canaria, Murcia and Roquetas de Mar. He will do it with a powerful show with which he has just toured Argentina with a successful tour where he has [&hellip;]","og_url":"https:\/\/www.loffmusic.com\/tini-anuncia-las-fechas-de-su-nueva-gira-por-nuestro-pais\/","og_site_name":"LoffMusic","article_published_time":"2023-01-17T17:10:44+00:00","article_modified_time":"2023-03-17T04:29:28+00:00","og_image":[{"width":1200,"height":1625,"url":"https:\/\/www.loffmusic.com\/wp-content\/uploads\/2023\/01\/tini_cartel_2023.jpg","type":"image\/jpeg"}],"author":"By LoffMusic","twitter_card":"summary_large_image","twitter_misc":{"Written by":"By LoffMusic","Est. reading time":"1 minute"},"schema":{"@context":"https:\/\/schema.org","@graph":[{"@type":"Article","@id":"https:\/\/www.loffmusic.com\/tini-anuncia-las-fechas-de-su-nueva-gira-por-nuestro-pais\/#article","isPartOf":{"@id":"https:\/\/www.loffmusic.com\/tini-anuncia-las-fechas-de-su-nueva-gira-por-nuestro-pais\/"},"author":{"name":"By LoffMusic","@id":"https:\/\/www.loffmusic.com\/#\/schema\/person\/5e8ed27ac1103d47fda2bb783c04a78f"},"headline":"Tini announces the dates of her new tour in our country","datePublished":"2023-01-17T17:10:44+00:00","dateModified":"2023-03-17T04:29:28+00:00","mainEntityOfPage":{"@id":"https:\/\/www.loffmusic.com\/tini-anuncia-las-fechas-de-su-nueva-gira-por-nuestro-pais\/"},"wordCount":235,"commentCount":0,"publisher":{"@id":"https:\/\/www.loffmusic.com\/#organization"},"image":{"@id":"https:\/\/www.loffmusic.com\/tini-anuncia-las-fechas-de-su-nueva-gira-por-nuestro-pais\/#primaryimage"},"thumbnailUrl":"https:\/\/www.loffmusic.com\/wp-content\/uploads\/2023\/01\/tini_cartel_2023.jpg","articleSection":["Recommended"],"inLanguage":"en-US","potentialAction":[{"@type":"CommentAction","name":"Comment","target":["https:\/\/www.loffmusic.com\/tini-anuncia-las-fechas-de-su-nueva-gira-por-nuestro-pais\/#respond"]}]},{"@type":"WebPage","@id":"https:\/\/www.loffmusic.com\/tini-anuncia-las-fechas-de-su-nueva-gira-por-nuestro-pais\/","url":"https:\/\/www.loffmusic.com\/tini-anuncia-las-fechas-de-su-nueva-gira-por-nuestro-pais\/","name":"Tini announces the dates of her new tour in our country - LoffMusic","isPartOf":{"@id":"https:\/\/www.loffmusic.com\/#website"},"primaryImageOfPage":{"@id":"https:\/\/www.loffmusic.com\/tini-anuncia-las-fechas-de-su-nueva-gira-por-nuestro-pais\/#primaryimage"},"image":{"@id":"https:\/\/www.loffmusic.com\/tini-anuncia-las-fechas-de-su-nueva-gira-por-nuestro-pais\/#primaryimage"},"thumbnailUrl":"https:\/\/www.loffmusic.com\/wp-content\/uploads\/2023\/01\/tini_cartel_2023.jpg","datePublished":"2023-01-17T17:10:44+00:00","dateModified":"2023-03-17T04:29:28+00:00","breadcrumb":{"@id":"https:\/\/www.loffmusic.com\/tini-anuncia-las-fechas-de-su-nueva-gira-por-nuestro-pais\/#breadcrumb"},"inLanguage":"en-US","potentialAction":[{"@type":"ReadAction","target":["https:\/\/www.loffmusic.com\/tini-anuncia-las-fechas-de-su-nueva-gira-por-nuestro-pais\/"]}]},{"@type":"ImageObject","inLanguage":"en-US","@id":"https:\/\/www.loffmusic.com\/tini-anuncia-las-fechas-de-su-nueva-gira-por-nuestro-pais\/#primaryimage","url":"https:\/\/www.loffmusic.com\/wp-content\/uploads\/2023\/01\/tini_cartel_2023.jpg","contentUrl":"https:\/\/www.loffmusic.com\/wp-content\/uploads\/2023\/01\/tini_cartel_2023.jpg","width":1200,"height":1625},{"@type":"BreadcrumbList","@id":"https:\/\/www.loffmusic.com\/tini-anuncia-las-fechas-de-su-nueva-gira-por-nuestro-pais\/#breadcrumb","itemListElement":[{"@type":"ListItem","position":1,"name":"Portada","item":"https:\/\/www.loffmusic.com\/en\/home-2\/"},{"@type":"ListItem","position":2,"name":"Tini announces the dates of her new tour in our country"}]},{"@type":"WebSite","@id":"https:\/\/www.loffmusic.com\/#website","url":"https:\/\/www.loffmusic.com\/","name":"LoffMusic","description":"Tu agenda de conciertos y festivales donde podr\u00e1s encontrar todos los eventos filtrando por artista, ciudad o evento","publisher":{"@id":"https:\/\/www.loffmusic.com\/#organization"},"potentialAction":[{"@type":"SearchAction","target":{"@type":"EntryPoint","urlTemplate":"https:\/\/www.loffmusic.com\/?s={search_term_string}"},"query-input":{"@type":"PropertyValueSpecification","valueRequired":true,"valueName":"search_term_string"}}],"inLanguage":"en-US"},{"@type":"Organization","@id":"https:\/\/www.loffmusic.com\/#organization","name":"LoffMusic","url":"https:\/\/www.loffmusic.com\/","logo":{"@type":"ImageObject","inLanguage":"en-US","@id":"https:\/\/www.loffmusic.com\/#\/schema\/logo\/image\/","url":"https:\/\/www.loffmusic.com\/wp-content\/uploads\/2022\/12\/cropped-Mesa-de-trabajo-1-copia.png","contentUrl":"https:\/\/www.loffmusic.com\/wp-content\/uploads\/2022\/12\/cropped-Mesa-de-trabajo-1-copia.png","width":700,"height":200,"caption":"LoffMusic"},"image":{"@id":"https:\/\/www.loffmusic.com\/#\/schema\/logo\/image\/"}},{"@type":"Person","@id":"https:\/\/www.loffmusic.com\/#\/schema\/person\/5e8ed27ac1103d47fda2bb783c04a78f","name":"By LoffMusic","sameAs":["https:\/\/www.loffmusic.com"]}]}},"_links":{"self":[{"href":"https:\/\/www.loffmusic.com\/en\/wp-json\/wp\/v2\/posts\/2960","targetHints":{"allow":["GET"]}}],"collection":[{"href":"https:\/\/www.loffmusic.com\/en\/wp-json\/wp\/v2\/posts"}],"about":[{"href":"https:\/\/www.loffmusic.com\/en\/wp-json\/wp\/v2\/types\/post"}],"author":[{"embeddable":true,"href":"https:\/\/www.loffmusic.com\/en\/wp-json\/wp\/v2\/users\/1"}],"replies":[{"embeddable":true,"href":"https:\/\/www.loffmusic.com\/en\/wp-json\/wp\/v2\/comments?post=2960"}],"version-history":[{"count":0,"href":"https:\/\/www.loffmusic.com\/en\/wp-json\/wp\/v2\/posts\/2960\/revisions"}],"wp:featuredmedia":[{"embeddable":true,"href":"https:\/\/www.loffmusic.com\/en\/wp-json\/wp\/v2\/media\/2819"}],"wp:attachment":[{"href":"https:\/\/www.loffmusic.com\/en\/wp-json\/wp\/v2\/media?parent=2960"}],"wp:term":[{"taxonomy":"category","embeddable":true,"href":"https:\/\/www.loffmusic.com\/en\/wp-json\/wp\/v2\/categories?post=2960"},{"taxonomy":"post_tag","embeddable":true,"href":"https:\/\/www.loffmusic.com\/en\/wp-json\/wp\/v2\/tags?post=2960"}],"curies":[{"name":"wp","href":"https:\/\/api.w.org\/{rel}","templated":true}]}}