{"id":22725,"date":"2025-11-29T12:22:02","date_gmt":"2025-11-29T11:22:02","guid":{"rendered":"https:\/\/www.loffmusic.com\/vamos-con-todo-is-reborn-with-el-gobernante-new-name-formerly-volvoreta-new-single-and-the-same-rebellious-pulse\/"},"modified":"2025-11-29T12:25:56","modified_gmt":"2025-11-29T11:25:56","slug":"vamos-con-todo-is-reborn-with-el-gobernante-new-name-formerly-volvoreta-new-single-and-the-same-rebellious-pulse","status":"publish","type":"post","link":"https:\/\/www.loffmusic.com\/en\/vamos-con-todo-is-reborn-with-el-gobernante-new-name-formerly-volvoreta-new-single-and-the-same-rebellious-pulse\/","title":{"rendered":"Vamos Con Todo is reborn with &#8220;El Gobernante&#8221;, new name (formerly Volvoreta), new single and the same rebellious pulse."},"content":{"rendered":"\n<hr class=\"wp-block-separator has-alpha-channel-opacity\"\/>\n\n<h1 class=\"wp-block-heading\"><\/h1>\n\n<p><strong>From Volvoreta to Vamos Con Todo is a change of skin for a combative rock that asks to speak and not to be silent.<\/strong><\/p>\n\n<p>There are bands that simply evolve and others that reinvent themselves, assuming the mutation with pride.<br\/>Volvoreta has not been a timid transition: it has been a frontal leap.<br\/>For legal reasons -and so as not to be burdened with litigation or future burdens- they have decided to change their name and embrace the title of their first album as their definitive identity:<br\/>they are now <strong>Vamos Con Todo<\/strong>.<\/p>\n\n<p>And yes: it is a name.<br\/>But it is also a declaration of principles.<\/p>\n\n<hr class=\"wp-block-separator has-alpha-channel-opacity\"\/>\n\n<h2 class=\"wp-block-heading\">&#8220;El Gobernante&#8221;, rock without filters and against power.<\/h2>\n\n<p>The band&#8217;s new single, <em>&#8220;El Gobernante&#8221;,<\/em> comes as a rhythmic punch against corruption and impunity.<br\/>It is direct, social, sharp and undiplomatic rock:<br\/>a lyric that does not hide behind soft metaphors, but points a firm finger at the abuse of those who decide from above.<\/p>\n\n<p>The song points out:<\/p>\n\n<ul class=\"wp-block-list\">\n<li>unbridled ambition<\/li>\n\n\n\n<li>the vice of power<\/li>\n\n\n\n<li>systematic manipulation<\/li>\n\n\n\n<li>institutional hypocrisy<\/li>\n<\/ul>\n\n<p>But it also speaks of generational weariness:<br\/>a youth that does not buy silence,<br\/>that does not accept &#8220;it is what it is&#8221;,<br\/>that dares to call a spade a spade.<\/p>\n\n<p>Musically, it sounds mature, polished&#8230;<br\/>but with the energy of an erupting twenty-something.<\/p>\n\n<hr class=\"wp-block-separator has-alpha-channel-opacity\"\/>\n\n<h2 class=\"wp-block-heading\">Between Le\u00f1o and Green Day, an electric past, a fierce present<\/h2>\n\n<p>Many media have positioned the band as the <strong>generational relay of Spanish urban rock<\/strong> -that direct lineage that starts with Le\u00f1o, Asfalto, Topo, Bar\u00f3n Rojo, Ob\u00fas- but with a modern look.<\/p>\n\n<p>Vamos Con Todo takes that heritage and mixes it with more contemporary influences:<\/p>\n\n<ul class=\"wp-block-list\">\n<li>the melodic chutzpah of Green Day<\/li>\n\n\n\n<li>the guitar nerve of AC\/DC<\/li>\n\n\n\n<li>the street spirit and truth of Platero y T\u00fa<\/li>\n\n\n\n<li>and a rock DNA of its own<\/li>\n<\/ul>\n\n<p>Their sound is not nostalgia.<br\/>It&#8217;s up to date.<br\/>It&#8217;s Spanish rock <strong>in Spanish<\/strong>, made by twenty-somethings who don&#8217;t interpret a genre:<br\/>they live it.<\/p>\n\n<hr class=\"wp-block-separator has-alpha-channel-opacity\"\/>\n\n<h2 class=\"wp-block-heading\">Recording and production: solid sound, clear message<\/h2>\n\n<p>&#8220;El Gobernante&#8221; was recorded at <strong>Meigasound (Ourense)<\/strong><br\/>with production by <strong>Carlos Del R\u00edo<\/strong> (Los Motores),<br\/>a very respected figure in Galician and national rock.<\/p>\n\n<p>The result combines:<\/p>\n\n<ul class=\"wp-block-list\">\n<li>cutting guitars<\/li>\n\n\n\n<li>a solid rhythmic base<\/li>\n\n\n\n<li>a muscular bass<\/li>\n\n\n\n<li>and a chorus that comes in fast and doesn&#8217;t go away<\/li>\n<\/ul>\n\n<p>It is rock without makeup:<br\/>powerful, physical, angry and contagious.<\/p>\n\n<hr class=\"wp-block-separator has-alpha-channel-opacity\"\/>\n\n<h2 class=\"wp-block-heading\">From Guadalajara to the entire country<\/h2>\n\n<p>Vamos Con Todo are still young, but they are no longer a promise:<br\/>are a rising reality.<\/p>\n\n<p>They were born as <strong>Volvoreta<\/strong>,<br\/>grew up in garages and medium-sized halls,<br\/>and now, with their new name and aesthetics,<br\/>are facing 2026 with attitude:<br\/>with everything.<\/p>\n\n<p>They say it in their name.<br\/>And they say it in their music.<\/p>\n\n<hr class=\"wp-block-separator has-alpha-channel-opacity\"\/>\n\n<h2 class=\"wp-block-heading\">Concert presentation &#8211; Madrid, January 3, 2026<\/h2>\n\n<p>The first opportunity to see Vamos Con Todo under its new name will be:<\/p>\n\n<p><strong>\ud83d\udccd Sala Moby Dick &#8211; Madrid<br\/>\ud83d\udcc5 Saturday, January 3, 2026<br\/>\ud83c\udfa4 With V\u00e9rtize (presenting their album &#8216;Delta&#8217;)<br\/>\ud83d\udd63 Doors open &#8211; 20:30<br\/> \ud83c\udf9f\ufe0f \ud83c\udf9f\ufe0f Advance purchase &#8211; 15\u20ac (Escridiscos and Notikumi.com)<br\/>\ud83c\udf9f\ufe0f \ud83c\udf9f\ufe0f Box office &#8211; 18\u20ac.<\/strong><\/p>\n\n<p>A double night of real rock -no spiritual auto-tune, no studied poses- to open the year with noise and truth.<\/p>\n\n<hr class=\"wp-block-separator has-alpha-channel-opacity\"\/>\n\n<h2 class=\"wp-block-heading\">Live, critical and courageous rock<\/h2>\n\n<p>Vamos Con Todo arrives with the conviction of a band that has decided it doesn&#8217;t want to be a trend: it wants to be vox populi.<br\/>&#8220;El Gobernante&#8221; is just the first warning of the album to come.<br\/>An album that -if it keeps this pulse- can become one of the most forceful rock testimonies of 2026.<\/p>\n\n<p>The slogan doesn&#8217;t need to be explained.<br\/>It&#8217;s in their name.<br\/>It&#8217;s in their guitars.<br\/>It&#8217;s in their attitude.<\/p>\n\n<p>Vamos Con Todo.<\/p>\n\n<hr class=\"wp-block-separator has-alpha-channel-opacity\"\/>\n\n<h1 class=\"wp-block-heading\"><\/h1>\n\n<figure class=\"wp-block-embed is-type-video is-provider-youtube wp-block-embed-youtube wp-embed-aspect-16-9 wp-has-aspect-ratio\"><div class=\"wp-block-embed__wrapper\">\n<iframe title=\"Vamos Con Todo - El Gobernante (Video Oficial)\" width=\"800\" height=\"450\" src=\"https:\/\/www.youtube.com\/embed\/WfDLLrMItKs?start=2&#038;feature=oembed\" frameborder=\"0\" allow=\"accelerometer; autoplay; clipboard-write; encrypted-media; gyroscope; picture-in-picture; web-share\" referrerpolicy=\"strict-origin-when-cross-origin\" allowfullscreen><\/iframe>\n<\/div><\/figure>\n","protected":false},"excerpt":{"rendered":"<p>From Volvoreta to Vamos Con Todo is a change of skin for a combative rock that asks to speak and not to be silent. There are bands that simply evolve and others that reinvent themselves, assuming the mutation with pride.Volvoreta has not been a timid transition: it has been a frontal leap.For legal reasons -and [&hellip;]<\/p>\n","protected":false},"author":3,"featured_media":22726,"comment_status":"open","ping_status":"open","sticky":false,"template":"","format":"standard","meta":{"footnotes":""},"categories":[224],"tags":[9199,260,17184,17181,17187,17186,248,37,17189,17185,14789,17174],"class_list":["post-22725","post","type-post","status-publish","format-standard","has-post-thumbnail","hentry","category-news","tag-disks-2025","tag-launches","tag-lets-go-all-in","tag-meigasound","tag-moby-dick-madrid-concert","tag-new-rock-band-2026","tag-news","tag-rock","tag-social-rock","tag-the-ruler","tag-vertize","tag-volvoreta"],"yoast_head":"<!-- This site is optimized with the Yoast SEO plugin v27.5 - https:\/\/yoast.com\/product\/yoast-seo-wordpress\/ -->\n<title>Vamos Con Todo (formerly Volvoreta) release &quot;El Gobernante&quot;.<\/title>\n<meta name=\"description\" content=\"Vamos Con Todo present &quot;El Gobernante&quot;, a social and critical rock single, and announce a concert at the Sala Moby Dick in Madrid.\" \/>\n<meta name=\"robots\" content=\"index, follow, max-snippet:-1, max-image-preview:large, max-video-preview:-1\" \/>\n<link rel=\"canonical\" href=\"https:\/\/www.loffmusic.com\/en\/vamos-con-todo-is-reborn-with-el-gobernante-new-name-formerly-volvoreta-new-single-and-the-same-rebellious-pulse\/\" \/>\n<meta property=\"og:locale\" content=\"en_US\" \/>\n<meta property=\"og:type\" content=\"article\" \/>\n<meta property=\"og:title\" content=\"Vamos Con Todo (formerly Volvoreta) release &quot;El Gobernante&quot;.\" \/>\n<meta property=\"og:description\" content=\"Vamos Con Todo present &quot;El Gobernante&quot;, a social and critical rock single, and announce a concert at the Sala Moby Dick in Madrid.\" \/>\n<meta property=\"og:url\" content=\"https:\/\/www.loffmusic.com\/en\/vamos-con-todo-is-reborn-with-el-gobernante-new-name-formerly-volvoreta-new-single-and-the-same-rebellious-pulse\/\" \/>\n<meta property=\"og:site_name\" content=\"LoffMusic\" \/>\n<meta property=\"article:published_time\" content=\"2025-11-29T11:22:02+00:00\" \/>\n<meta property=\"article:modified_time\" content=\"2025-11-29T11:25:56+00:00\" \/>\n<meta property=\"og:image\" content=\"https:\/\/www.loffmusic.com\/wp-content\/uploads\/2025\/11\/VamosconTodo_Nov_25-scaled-e1764415368513.jpg\" \/>\n\t<meta property=\"og:image:width\" content=\"2380\" \/>\n\t<meta property=\"og:image:height\" content=\"2385\" \/>\n\t<meta property=\"og:image:type\" content=\"image\/jpeg\" \/>\n<meta name=\"author\" content=\"Editor Music\" \/>\n<meta name=\"twitter:card\" content=\"summary_large_image\" \/>\n<meta name=\"twitter:label1\" content=\"Written by\" \/>\n\t<meta name=\"twitter:data1\" content=\"Editor Music\" \/>\n\t<meta name=\"twitter:label2\" content=\"Est. reading time\" \/>\n\t<meta name=\"twitter:data2\" content=\"3 minutes\" \/>\n<script type=\"application\/ld+json\" class=\"yoast-schema-graph\">{\"@context\":\"https:\\\/\\\/schema.org\",\"@graph\":[{\"@type\":\"Article\",\"@id\":\"https:\\\/\\\/www.loffmusic.com\\\/en\\\/vamos-con-todo-is-reborn-with-el-gobernante-new-name-formerly-volvoreta-new-single-and-the-same-rebellious-pulse\\\/#article\",\"isPartOf\":{\"@id\":\"https:\\\/\\\/www.loffmusic.com\\\/en\\\/vamos-con-todo-is-reborn-with-el-gobernante-new-name-formerly-volvoreta-new-single-and-the-same-rebellious-pulse\\\/\"},\"author\":{\"name\":\"Editor Music\",\"@id\":\"https:\\\/\\\/www.loffmusic.com\\\/#\\\/schema\\\/person\\\/8f00931574e7607f544d49b2e8dc006a\"},\"headline\":\"Vamos Con Todo is reborn with &#8220;El Gobernante&#8221;, new name (formerly Volvoreta), new single and the same rebellious pulse.\",\"datePublished\":\"2025-11-29T11:22:02+00:00\",\"dateModified\":\"2025-11-29T11:25:56+00:00\",\"mainEntityOfPage\":{\"@id\":\"https:\\\/\\\/www.loffmusic.com\\\/en\\\/vamos-con-todo-is-reborn-with-el-gobernante-new-name-formerly-volvoreta-new-single-and-the-same-rebellious-pulse\\\/\"},\"wordCount\":646,\"commentCount\":0,\"publisher\":{\"@id\":\"https:\\\/\\\/www.loffmusic.com\\\/#organization\"},\"image\":{\"@id\":\"https:\\\/\\\/www.loffmusic.com\\\/en\\\/vamos-con-todo-is-reborn-with-el-gobernante-new-name-formerly-volvoreta-new-single-and-the-same-rebellious-pulse\\\/#primaryimage\"},\"thumbnailUrl\":\"https:\\\/\\\/www.loffmusic.com\\\/wp-content\\\/uploads\\\/2025\\\/11\\\/VamosconTodo_Nov_25-scaled-e1764415368513.jpg\",\"keywords\":[\"disks 2025\",\"launches\",\"Let's Go All In\",\"Meigasound\",\"Moby Dick Madrid concert\",\"new rock band 2026\",\"news\",\"rock\",\"social rock\",\"The Ruler\",\"V\u00e9rtize\",\"Volvoreta\"],\"articleSection\":[\"News\"],\"inLanguage\":\"en-US\",\"potentialAction\":[{\"@type\":\"CommentAction\",\"name\":\"Comment\",\"target\":[\"https:\\\/\\\/www.loffmusic.com\\\/en\\\/vamos-con-todo-is-reborn-with-el-gobernante-new-name-formerly-volvoreta-new-single-and-the-same-rebellious-pulse\\\/#respond\"]}]},{\"@type\":\"WebPage\",\"@id\":\"https:\\\/\\\/www.loffmusic.com\\\/en\\\/vamos-con-todo-is-reborn-with-el-gobernante-new-name-formerly-volvoreta-new-single-and-the-same-rebellious-pulse\\\/\",\"url\":\"https:\\\/\\\/www.loffmusic.com\\\/en\\\/vamos-con-todo-is-reborn-with-el-gobernante-new-name-formerly-volvoreta-new-single-and-the-same-rebellious-pulse\\\/\",\"name\":\"Vamos Con Todo (formerly Volvoreta) release \\\"El Gobernante\\\".\",\"isPartOf\":{\"@id\":\"https:\\\/\\\/www.loffmusic.com\\\/#website\"},\"primaryImageOfPage\":{\"@id\":\"https:\\\/\\\/www.loffmusic.com\\\/en\\\/vamos-con-todo-is-reborn-with-el-gobernante-new-name-formerly-volvoreta-new-single-and-the-same-rebellious-pulse\\\/#primaryimage\"},\"image\":{\"@id\":\"https:\\\/\\\/www.loffmusic.com\\\/en\\\/vamos-con-todo-is-reborn-with-el-gobernante-new-name-formerly-volvoreta-new-single-and-the-same-rebellious-pulse\\\/#primaryimage\"},\"thumbnailUrl\":\"https:\\\/\\\/www.loffmusic.com\\\/wp-content\\\/uploads\\\/2025\\\/11\\\/VamosconTodo_Nov_25-scaled-e1764415368513.jpg\",\"datePublished\":\"2025-11-29T11:22:02+00:00\",\"dateModified\":\"2025-11-29T11:25:56+00:00\",\"description\":\"Vamos Con Todo present \\\"El Gobernante\\\", a social and critical rock single, and announce a concert at the Sala Moby Dick in Madrid.\",\"breadcrumb\":{\"@id\":\"https:\\\/\\\/www.loffmusic.com\\\/en\\\/vamos-con-todo-is-reborn-with-el-gobernante-new-name-formerly-volvoreta-new-single-and-the-same-rebellious-pulse\\\/#breadcrumb\"},\"inLanguage\":\"en-US\",\"potentialAction\":[{\"@type\":\"ReadAction\",\"target\":[\"https:\\\/\\\/www.loffmusic.com\\\/en\\\/vamos-con-todo-is-reborn-with-el-gobernante-new-name-formerly-volvoreta-new-single-and-the-same-rebellious-pulse\\\/\"]}]},{\"@type\":\"ImageObject\",\"inLanguage\":\"en-US\",\"@id\":\"https:\\\/\\\/www.loffmusic.com\\\/en\\\/vamos-con-todo-is-reborn-with-el-gobernante-new-name-formerly-volvoreta-new-single-and-the-same-rebellious-pulse\\\/#primaryimage\",\"url\":\"https:\\\/\\\/www.loffmusic.com\\\/wp-content\\\/uploads\\\/2025\\\/11\\\/VamosconTodo_Nov_25-scaled-e1764415368513.jpg\",\"contentUrl\":\"https:\\\/\\\/www.loffmusic.com\\\/wp-content\\\/uploads\\\/2025\\\/11\\\/VamosconTodo_Nov_25-scaled-e1764415368513.jpg\",\"width\":2380,\"height\":2385},{\"@type\":\"BreadcrumbList\",\"@id\":\"https:\\\/\\\/www.loffmusic.com\\\/en\\\/vamos-con-todo-is-reborn-with-el-gobernante-new-name-formerly-volvoreta-new-single-and-the-same-rebellious-pulse\\\/#breadcrumb\",\"itemListElement\":[{\"@type\":\"ListItem\",\"position\":1,\"name\":\"Portada\",\"item\":\"https:\\\/\\\/www.loffmusic.com\\\/en\\\/home-2\\\/\"},{\"@type\":\"ListItem\",\"position\":2,\"name\":\"Vamos Con Todo is reborn with &#8220;El Gobernante&#8221;, new name (formerly Volvoreta), new single and the same rebellious pulse.\"}]},{\"@type\":\"WebSite\",\"@id\":\"https:\\\/\\\/www.loffmusic.com\\\/#website\",\"url\":\"https:\\\/\\\/www.loffmusic.com\\\/\",\"name\":\"LoffMusic\",\"description\":\"Tu agenda de conciertos y festivales donde podr\u00e1s encontrar todos los eventos filtrando por artista, ciudad o evento\",\"publisher\":{\"@id\":\"https:\\\/\\\/www.loffmusic.com\\\/#organization\"},\"potentialAction\":[{\"@type\":\"SearchAction\",\"target\":{\"@type\":\"EntryPoint\",\"urlTemplate\":\"https:\\\/\\\/www.loffmusic.com\\\/?s={search_term_string}\"},\"query-input\":{\"@type\":\"PropertyValueSpecification\",\"valueRequired\":true,\"valueName\":\"search_term_string\"}}],\"inLanguage\":\"en-US\"},{\"@type\":\"Organization\",\"@id\":\"https:\\\/\\\/www.loffmusic.com\\\/#organization\",\"name\":\"LoffMusic\",\"url\":\"https:\\\/\\\/www.loffmusic.com\\\/\",\"logo\":{\"@type\":\"ImageObject\",\"inLanguage\":\"en-US\",\"@id\":\"https:\\\/\\\/www.loffmusic.com\\\/#\\\/schema\\\/logo\\\/image\\\/\",\"url\":\"https:\\\/\\\/www.loffmusic.com\\\/wp-content\\\/uploads\\\/2022\\\/12\\\/cropped-Mesa-de-trabajo-1-copia.png\",\"contentUrl\":\"https:\\\/\\\/www.loffmusic.com\\\/wp-content\\\/uploads\\\/2022\\\/12\\\/cropped-Mesa-de-trabajo-1-copia.png\",\"width\":700,\"height\":200,\"caption\":\"LoffMusic\"},\"image\":{\"@id\":\"https:\\\/\\\/www.loffmusic.com\\\/#\\\/schema\\\/logo\\\/image\\\/\"}},{\"@type\":\"Person\",\"@id\":\"https:\\\/\\\/www.loffmusic.com\\\/#\\\/schema\\\/person\\\/8f00931574e7607f544d49b2e8dc006a\",\"name\":\"Editor Music\"}]}<\/script>\n<!-- \/ Yoast SEO plugin. -->","yoast_head_json":{"title":"Vamos Con Todo (formerly Volvoreta) release \"El Gobernante\".","description":"Vamos Con Todo present \"El Gobernante\", a social and critical rock single, and announce a concert at the Sala Moby Dick in Madrid.","robots":{"index":"index","follow":"follow","max-snippet":"max-snippet:-1","max-image-preview":"max-image-preview:large","max-video-preview":"max-video-preview:-1"},"canonical":"https:\/\/www.loffmusic.com\/en\/vamos-con-todo-is-reborn-with-el-gobernante-new-name-formerly-volvoreta-new-single-and-the-same-rebellious-pulse\/","og_locale":"en_US","og_type":"article","og_title":"Vamos Con Todo (formerly Volvoreta) release \"El Gobernante\".","og_description":"Vamos Con Todo present \"El Gobernante\", a social and critical rock single, and announce a concert at the Sala Moby Dick in Madrid.","og_url":"https:\/\/www.loffmusic.com\/en\/vamos-con-todo-is-reborn-with-el-gobernante-new-name-formerly-volvoreta-new-single-and-the-same-rebellious-pulse\/","og_site_name":"LoffMusic","article_published_time":"2025-11-29T11:22:02+00:00","article_modified_time":"2025-11-29T11:25:56+00:00","og_image":[{"width":2380,"height":2385,"url":"https:\/\/www.loffmusic.com\/wp-content\/uploads\/2025\/11\/VamosconTodo_Nov_25-scaled-e1764415368513.jpg","type":"image\/jpeg"}],"author":"Editor Music","twitter_card":"summary_large_image","twitter_misc":{"Written by":"Editor Music","Est. reading time":"3 minutes"},"schema":{"@context":"https:\/\/schema.org","@graph":[{"@type":"Article","@id":"https:\/\/www.loffmusic.com\/en\/vamos-con-todo-is-reborn-with-el-gobernante-new-name-formerly-volvoreta-new-single-and-the-same-rebellious-pulse\/#article","isPartOf":{"@id":"https:\/\/www.loffmusic.com\/en\/vamos-con-todo-is-reborn-with-el-gobernante-new-name-formerly-volvoreta-new-single-and-the-same-rebellious-pulse\/"},"author":{"name":"Editor Music","@id":"https:\/\/www.loffmusic.com\/#\/schema\/person\/8f00931574e7607f544d49b2e8dc006a"},"headline":"Vamos Con Todo is reborn with &#8220;El Gobernante&#8221;, new name (formerly Volvoreta), new single and the same rebellious pulse.","datePublished":"2025-11-29T11:22:02+00:00","dateModified":"2025-11-29T11:25:56+00:00","mainEntityOfPage":{"@id":"https:\/\/www.loffmusic.com\/en\/vamos-con-todo-is-reborn-with-el-gobernante-new-name-formerly-volvoreta-new-single-and-the-same-rebellious-pulse\/"},"wordCount":646,"commentCount":0,"publisher":{"@id":"https:\/\/www.loffmusic.com\/#organization"},"image":{"@id":"https:\/\/www.loffmusic.com\/en\/vamos-con-todo-is-reborn-with-el-gobernante-new-name-formerly-volvoreta-new-single-and-the-same-rebellious-pulse\/#primaryimage"},"thumbnailUrl":"https:\/\/www.loffmusic.com\/wp-content\/uploads\/2025\/11\/VamosconTodo_Nov_25-scaled-e1764415368513.jpg","keywords":["disks 2025","launches","Let's Go All In","Meigasound","Moby Dick Madrid concert","new rock band 2026","news","rock","social rock","The Ruler","V\u00e9rtize","Volvoreta"],"articleSection":["News"],"inLanguage":"en-US","potentialAction":[{"@type":"CommentAction","name":"Comment","target":["https:\/\/www.loffmusic.com\/en\/vamos-con-todo-is-reborn-with-el-gobernante-new-name-formerly-volvoreta-new-single-and-the-same-rebellious-pulse\/#respond"]}]},{"@type":"WebPage","@id":"https:\/\/www.loffmusic.com\/en\/vamos-con-todo-is-reborn-with-el-gobernante-new-name-formerly-volvoreta-new-single-and-the-same-rebellious-pulse\/","url":"https:\/\/www.loffmusic.com\/en\/vamos-con-todo-is-reborn-with-el-gobernante-new-name-formerly-volvoreta-new-single-and-the-same-rebellious-pulse\/","name":"Vamos Con Todo (formerly Volvoreta) release \"El Gobernante\".","isPartOf":{"@id":"https:\/\/www.loffmusic.com\/#website"},"primaryImageOfPage":{"@id":"https:\/\/www.loffmusic.com\/en\/vamos-con-todo-is-reborn-with-el-gobernante-new-name-formerly-volvoreta-new-single-and-the-same-rebellious-pulse\/#primaryimage"},"image":{"@id":"https:\/\/www.loffmusic.com\/en\/vamos-con-todo-is-reborn-with-el-gobernante-new-name-formerly-volvoreta-new-single-and-the-same-rebellious-pulse\/#primaryimage"},"thumbnailUrl":"https:\/\/www.loffmusic.com\/wp-content\/uploads\/2025\/11\/VamosconTodo_Nov_25-scaled-e1764415368513.jpg","datePublished":"2025-11-29T11:22:02+00:00","dateModified":"2025-11-29T11:25:56+00:00","description":"Vamos Con Todo present \"El Gobernante\", a social and critical rock single, and announce a concert at the Sala Moby Dick in Madrid.","breadcrumb":{"@id":"https:\/\/www.loffmusic.com\/en\/vamos-con-todo-is-reborn-with-el-gobernante-new-name-formerly-volvoreta-new-single-and-the-same-rebellious-pulse\/#breadcrumb"},"inLanguage":"en-US","potentialAction":[{"@type":"ReadAction","target":["https:\/\/www.loffmusic.com\/en\/vamos-con-todo-is-reborn-with-el-gobernante-new-name-formerly-volvoreta-new-single-and-the-same-rebellious-pulse\/"]}]},{"@type":"ImageObject","inLanguage":"en-US","@id":"https:\/\/www.loffmusic.com\/en\/vamos-con-todo-is-reborn-with-el-gobernante-new-name-formerly-volvoreta-new-single-and-the-same-rebellious-pulse\/#primaryimage","url":"https:\/\/www.loffmusic.com\/wp-content\/uploads\/2025\/11\/VamosconTodo_Nov_25-scaled-e1764415368513.jpg","contentUrl":"https:\/\/www.loffmusic.com\/wp-content\/uploads\/2025\/11\/VamosconTodo_Nov_25-scaled-e1764415368513.jpg","width":2380,"height":2385},{"@type":"BreadcrumbList","@id":"https:\/\/www.loffmusic.com\/en\/vamos-con-todo-is-reborn-with-el-gobernante-new-name-formerly-volvoreta-new-single-and-the-same-rebellious-pulse\/#breadcrumb","itemListElement":[{"@type":"ListItem","position":1,"name":"Portada","item":"https:\/\/www.loffmusic.com\/en\/home-2\/"},{"@type":"ListItem","position":2,"name":"Vamos Con Todo is reborn with &#8220;El Gobernante&#8221;, new name (formerly Volvoreta), new single and the same rebellious pulse."}]},{"@type":"WebSite","@id":"https:\/\/www.loffmusic.com\/#website","url":"https:\/\/www.loffmusic.com\/","name":"LoffMusic","description":"Tu agenda de conciertos y festivales donde podr\u00e1s encontrar todos los eventos filtrando por artista, ciudad o evento","publisher":{"@id":"https:\/\/www.loffmusic.com\/#organization"},"potentialAction":[{"@type":"SearchAction","target":{"@type":"EntryPoint","urlTemplate":"https:\/\/www.loffmusic.com\/?s={search_term_string}"},"query-input":{"@type":"PropertyValueSpecification","valueRequired":true,"valueName":"search_term_string"}}],"inLanguage":"en-US"},{"@type":"Organization","@id":"https:\/\/www.loffmusic.com\/#organization","name":"LoffMusic","url":"https:\/\/www.loffmusic.com\/","logo":{"@type":"ImageObject","inLanguage":"en-US","@id":"https:\/\/www.loffmusic.com\/#\/schema\/logo\/image\/","url":"https:\/\/www.loffmusic.com\/wp-content\/uploads\/2022\/12\/cropped-Mesa-de-trabajo-1-copia.png","contentUrl":"https:\/\/www.loffmusic.com\/wp-content\/uploads\/2022\/12\/cropped-Mesa-de-trabajo-1-copia.png","width":700,"height":200,"caption":"LoffMusic"},"image":{"@id":"https:\/\/www.loffmusic.com\/#\/schema\/logo\/image\/"}},{"@type":"Person","@id":"https:\/\/www.loffmusic.com\/#\/schema\/person\/8f00931574e7607f544d49b2e8dc006a","name":"Editor Music"}]}},"_links":{"self":[{"href":"https:\/\/www.loffmusic.com\/en\/wp-json\/wp\/v2\/posts\/22725","targetHints":{"allow":["GET"]}}],"collection":[{"href":"https:\/\/www.loffmusic.com\/en\/wp-json\/wp\/v2\/posts"}],"about":[{"href":"https:\/\/www.loffmusic.com\/en\/wp-json\/wp\/v2\/types\/post"}],"author":[{"embeddable":true,"href":"https:\/\/www.loffmusic.com\/en\/wp-json\/wp\/v2\/users\/3"}],"replies":[{"embeddable":true,"href":"https:\/\/www.loffmusic.com\/en\/wp-json\/wp\/v2\/comments?post=22725"}],"version-history":[{"count":1,"href":"https:\/\/www.loffmusic.com\/en\/wp-json\/wp\/v2\/posts\/22725\/revisions"}],"predecessor-version":[{"id":22727,"href":"https:\/\/www.loffmusic.com\/en\/wp-json\/wp\/v2\/posts\/22725\/revisions\/22727"}],"wp:featuredmedia":[{"embeddable":true,"href":"https:\/\/www.loffmusic.com\/en\/wp-json\/wp\/v2\/media\/22726"}],"wp:attachment":[{"href":"https:\/\/www.loffmusic.com\/en\/wp-json\/wp\/v2\/media?parent=22725"}],"wp:term":[{"taxonomy":"category","embeddable":true,"href":"https:\/\/www.loffmusic.com\/en\/wp-json\/wp\/v2\/categories?post=22725"},{"taxonomy":"post_tag","embeddable":true,"href":"https:\/\/www.loffmusic.com\/en\/wp-json\/wp\/v2\/tags?post=22725"}],"curies":[{"name":"wp","href":"https:\/\/api.w.org\/{rel}","templated":true}]}}